{"id":986,"date":"2024-09-03T11:12:44","date_gmt":"2024-09-03T10:12:44","guid":{"rendered":"https:\/\/m-au-carre.fr\/?p=986"},"modified":"2024-10-05T08:58:11","modified_gmt":"2024-10-05T07:58:11","slug":"pornic-reinventer-le-quartier-des-halles","status":"publish","type":"post","link":"https:\/\/m-au-carre.fr\/index.php\/2024\/09\/03\/pornic-reinventer-le-quartier-des-halles\/","title":{"rendered":"PORNIC : r\u00e9inventer le quartier des Halles"},"content":{"rendered":"\n<p>De juin 2024 \u00e0 l&rsquo;automne 2025, <a href=\"https:\/\/fr.linkedin.com\/company\/ici-meme-urbanisme\">Ici M\u00eame<\/a> (Coop\u00e9rative de programmation urbaine, sociale et spatiale) et moi-m\u00eame accompagnons la commune de Pornic dans l&rsquo;\u00e9laboration de la concertation et de la programmation urbaine du quartier des Halles (Ville Haute).<\/p>\n\n\n\n<p>Notre mission suit les recommandations du plan-guide \u00ab Petites Villes de Demain \u00bb approuv\u00e9 en 2022 qui visent \u00e0 :<\/p>\n\n\n\n<ul class=\"wp-block-list\">\n<li>Renforcer l&rsquo;attractivit\u00e9 r\u00e9sidentielle de son c\u0153ur de ville<\/li>\n\n\n\n<li>Conforter l\u2019armature commerciale et les services<\/li>\n\n\n\n<li>Prot\u00e9ger et valoriser le patrimoine urbain, architectural et paysager<\/li>\n\n\n\n<li>Faciliter l\u2019accessibilit\u00e9 et la gestion des mobilit\u00e9s en c\u0153ur de ville<\/li>\n\n\n\n<li>Am\u00e9liorer le cadre de vie et r\u00e9pondre au d\u00e9fi de la transition \u00e9cologique.<\/li>\n<\/ul>\n\n\n\n<p>Pour ce faire, nous menons collectivement une r\u00e9flexion dite sensible et prospective sur les espaces v\u00e9cus pour en tirer des enseignements et des applications en termes d\u2019am\u00e9nagement, qui prennent en compte les pratiques et les usages actuels et qui anticipent les besoins et usages futurs.<\/p>\n\n\n\n<p>Comment ? En menant une d\u00e9marche participative aupr\u00e8s des habitants, des usagers, des \u00e9lus et des techniciens, en s&rsquo;immergeant lors de r\u00e9sidences sur site (ateliers \/ enqu\u00eate de terrain) : <\/p>\n\n\n\n<ul class=\"wp-block-list\">\n<li>ALLER VERS (observer, rencontrer)<\/li>\n\n\n\n<li>DIAGNOSTIQUER (\u00e9laborer un \u00e9tat des lieux des usages)<\/li>\n\n\n\n<li>IMAGINER COLLECTIVEMENT (\u00e9laborer un sc\u00e9nario) <\/li>\n<\/ul>\n\n\n<div class=\"wp-block-image\">\n<figure class=\"aligncenter size-large is-resized\"><img loading=\"lazy\" decoding=\"async\" width=\"768\" height=\"1024\" src=\"https:\/\/m-au-carre.fr\/wp-content\/uploads\/2024\/09\/Permanece_marche-Residence2-768x1024.jpg\" alt=\"\" class=\"wp-image-987\" style=\"width:293px;height:auto\" srcset=\"https:\/\/m-au-carre.fr\/wp-content\/uploads\/2024\/09\/Permanece_marche-Residence2-768x1024.jpg 768w, https:\/\/m-au-carre.fr\/wp-content\/uploads\/2024\/09\/Permanece_marche-Residence2-225x300.jpg 225w, https:\/\/m-au-carre.fr\/wp-content\/uploads\/2024\/09\/Permanece_marche-Residence2-1152x1536.jpg 1152w, https:\/\/m-au-carre.fr\/wp-content\/uploads\/2024\/09\/Permanece_marche-Residence2.jpg 1536w\" sizes=\"auto, (max-width: 768px) 100vw, 768px\" \/><figcaption class=\"wp-element-caption\">Permanence March\u00e9 hebdomadaire Pornic juillet 2024<\/figcaption><\/figure>\n<\/div>\n\n\n<p><\/p>\n","protected":false},"excerpt":{"rendered":"<p>De juin 2024 \u00e0 l&rsquo;automne 2025, Ici M\u00eame (Coop\u00e9rative de programmation urbaine, sociale et spatiale) et moi-m\u00eame accompagnons la commune de Pornic dans l&rsquo;\u00e9laboration de la concertation et de la programmation urbaine du quartier des Halles (Ville Haute). Notre mission suit les recommandations du plan-guide \u00ab Petites Villes de Demain \u00bb approuv\u00e9 en 2022 qui&#8230; <\/p>\n<div class=\"read-more\"><a href=\"https:\/\/m-au-carre.fr\/index.php\/2024\/09\/03\/pornic-reinventer-le-quartier-des-halles\/\">Lire la suite<\/a><\/div>\n","protected":false},"author":1,"featured_media":0,"comment_status":"closed","ping_status":"open","sticky":false,"template":"","format":"standard","meta":{"footnotes":""},"categories":[12],"tags":[],"class_list":["post-986","post","type-post","status-publish","format-standard","hentry","category-zoom-sur"],"_links":{"self":[{"href":"https:\/\/m-au-carre.fr\/index.php\/wp-json\/wp\/v2\/posts\/986","targetHints":{"allow":["GET"]}}],"collection":[{"href":"https:\/\/m-au-carre.fr\/index.php\/wp-json\/wp\/v2\/posts"}],"about":[{"href":"https:\/\/m-au-carre.fr\/index.php\/wp-json\/wp\/v2\/types\/post"}],"author":[{"embeddable":true,"href":"https:\/\/m-au-carre.fr\/index.php\/wp-json\/wp\/v2\/users\/1"}],"replies":[{"embeddable":true,"href":"https:\/\/m-au-carre.fr\/index.php\/wp-json\/wp\/v2\/comments?post=986"}],"version-history":[{"count":4,"href":"https:\/\/m-au-carre.fr\/index.php\/wp-json\/wp\/v2\/posts\/986\/revisions"}],"predecessor-version":[{"id":993,"href":"https:\/\/m-au-carre.fr\/index.php\/wp-json\/wp\/v2\/posts\/986\/revisions\/993"}],"wp:attachment":[{"href":"https:\/\/m-au-carre.fr\/index.php\/wp-json\/wp\/v2\/media?parent=986"}],"wp:term":[{"taxonomy":"category","embeddable":true,"href":"https:\/\/m-au-carre.fr\/index.php\/wp-json\/wp\/v2\/categories?post=986"},{"taxonomy":"post_tag","embeddable":true,"href":"https:\/\/m-au-carre.fr\/index.php\/wp-json\/wp\/v2\/tags?post=986"}],"curies":[{"name":"wp","href":"https:\/\/api.w.org\/{rel}","templated":true}]}}